{"id":1,"date":"2020-02-20T19:21:00","date_gmt":"2020-02-20T22:21:00","guid":{"rendered":"http:\/\/upsra.org.ar\/sitio\/?p=1"},"modified":"2020-03-11T15:08:52","modified_gmt":"2020-03-11T18:08:52","slug":"hola-mundo","status":"publish","type":"post","link":"https:\/\/upsra.org.ar\/sitio\/2020\/02\/20\/hola-mundo\/","title":{"rendered":"Comunicado Importante, Obra Social del Personal de Seguridad Comercial, Industrial e Investigaciones Privadas"},"content":{"rendered":"\n<p>Informamos a los se\u00f1ores Afiliados y Prestadores de la Obra Social que por razones de fuerza mayor estamos atendiendo en&nbsp;<strong>Ecuador 969 CABA<\/strong>&nbsp;(casi esquina Av. cordoba) de 9 a 17 hs, pedimos disculpas por los inconvenientes causados.<\/p>\n\n\n\n<p> <strong>A LOS COMPA\u00d1EROS VIGILADORES Y A LA COMUNIDAD EN GENERAL<\/strong> <br><\/p>\n\n\n\n<p class=\"has-text-align-center\"> <strong>USURPACI\u00d3N<\/strong> <\/p>\n\n\n\n<p>Ocupaci\u00f3n de un inmueble, vivienda o edificio ajenos sin autorizaci\u00f3n o permanencia en ellos contra la voluntad de su titular.<\/p>\n\n\n\n<p>En mi car\u00e1cter de Secretario General de la UNION PERSONAL DE SEGURIDAD DE LA REPUBLICA ARGENTINA&nbsp; Personer\u00eda Gremial 1332- hago saber a los trabajadores de la seguridad privada las irregularidades que viene sufriendo nuestra organizaci\u00f3n sindical, como consecuencia de la &nbsp;violencia, amenazas, enga\u00f1os, abusos de confianza y clandestinidad de los ocupantes, que sin derecho alguno han despojado la posesi\u00f3n y tenencia de la sede de nuestro inmueble, impidiendo as\u00ed el ejercicio de un derecho real constituido sobre el mismo, que leg\u00edtimamente nos corresponde, habiendo invadido el inmueble, manteni\u00e9ndose en \u00e9l como&nbsp; ocupantes indebidos, no solamente a pesar del &nbsp;fallo de la justicia, sino tambi\u00e9n a un fraudulento enga\u00f1o que pretenden hacer valer.<\/p>\n\n\n\n<p>Son tan b\u00e1sicos que se olvidan de las distintas actas de constataci\u00f3n&nbsp; &#8211; m\u00e1s de cinco &#8211;&nbsp; realizadas con Escribano P\u00fablico en donde se ha comprobado el impedimento e ingreso tanto al edificio de la calle Tucum\u00e1n 3685\/89 CABA&nbsp; y al de Bulnes, al que infantilmente le han quitado la chapa municipal identificatoria entre los n\u00fameros 1131 y 1149 CABA. Tambi\u00e9n se encuentra acreditada tal situaci\u00f3n de despojo con las distintas Cartas Documento dirigidas por los empleados que no han podido ni pueden entrar a realizar sus tareas. En la Fiscal\u00eda jurisdiccional correspondiente son numerosas las denuncias efectuadas, por lo que est\u00e1 m\u00e1s que acreditada la situaci\u00f3n de instalaci\u00f3n injusta e ilegal.<\/p>\n\n\n\n<p>Ante esta ocupaci\u00f3n indebida la UPSRA se vio en la obligaci\u00f3n de mudar su domicilio y la ficticia Comisi\u00f3n Directiva nada ha podido hacer ante las autoridades, &nbsp;ya que carece de legitimaci\u00f3n activa para actuar ante &nbsp;el Ministerio. Una demostraci\u00f3n m\u00e1s de su ilegalidad.<\/p>\n\n\n\n<p>Con la copiosa documentaci\u00f3n reunida ya se han instaurado las correspondientes denuncias en sede judicial a fin de proteger a los trabajadores y cuidar el patrimonio sindical que es de todos los vigiladores.<\/p>\n\n\n\n<p><strong><br>LA UPSRA ESTA OCUPADA. LA UPSRA ESTA USURPADA<br><br><\/strong><strong><br>DE LAS AUTORIDADES<\/strong><\/p>\n\n\n\n<p>Como es de p\u00fablico conocimiento la \u00fanica autoridad vigente y reconocida judicial y administrativamente es la Comisi\u00f3n Directiva con el cargo que detento de Secretario General por orden judicial emanada en el marco del expediente de la Excelent\u00edsima C\u00e1mara Nacional de Apelaciones del Trabajo Sala IX con fecha 19 de noviembre de 2019 caratulado Garc\u00eda Angel Alberto y otro c\/Ministerio de Trabajo Empleo y Seguridad Social s\/Ley de Asociaciones Sindicales.<\/p>\n\n\n\n<p>Es tan di\u00e1fana y clara la situaci\u00f3n que quienes pretenden ejercer de hecho la autoridad que se arrogan, no pueden individualizar ni especificar la titularidad de persona alguna que integre esa supuesta Comisi\u00f3n Directiva.<\/p>\n\n\n\n<p>El enga\u00f1o que se pretende hacer valer es tan grosero e infantil propia de su ineptitud, dado que ni siquiera saben que para ser autoridades requieren de un Acto Administrativo que los designe, que haya una publicaci\u00f3n en el Bolet\u00edn Oficial y que exista una certificaci\u00f3n de autoridades. Nada de eso tienen. Se olvidan del Acta de Constataci\u00f3n realizada por Escribano P\u00fablico el d\u00eda de la supuesta y fraudulenta elecci\u00f3n. Se olvidan que por disposici\u00f3n judicial dicho acto estaba suspendido, pero lo que es peor a\u00fan ni saben ( o no quieren saber) &nbsp;lo que inform\u00f3 el Director de Asociaciones Sindicales Dr Manuel Troncoso del Ministerio de Trabajo con fecha 25 de noviembre de 2019 &nbsp;a la Sala IX de la CNAT que &nbsp;obra en dicho expediente y textualmente dice :&nbsp;<strong>Por \u00faltimo en cuanto al proceso electoral que habr\u00eda convocado el Delegado Normalizador, el mismo ni siquiera ha sido incorporado al Registro Nacional de Asociaciones Sindicales.<\/strong>Como f\u00e1cilmente se aprecia ninguna documentaci\u00f3n tienen que puedan exhibir o hacer valer. Muchachos efect\u00faen las consultas pertinentes en el Ministerio de Trabajo Empleo y Seguridad Social de la Naci\u00f3n.<br><\/p>\n\n\n\n<p><strong>DE LA OBRA SOCIAL<\/strong><\/p>\n\n\n\n<p>La violencia y coacci\u00f3n ejercida por estos insensatos ocupantes, que con su inescrupulosa actitud han retenido y retienen hasta la actualidad- documentaci\u00f3n perteneciente a la Obra Social y de sus afiliados, as\u00ed como tambi\u00e9n han impedido e impiden que funcione el sistema inform\u00e1tico de los afiliados poniendo en riesgo la vida de los mismos, impidiendo entrega de \u00f3rdenes m\u00e9dicas, autorizaciones quir\u00fargicas as\u00ed como tambi\u00e9n de estudios de im\u00e1genes y de alta complejidad ha impulsado a las autoridades de la Obra Social a mudar provisoriamente la atenci\u00f3n de sus afiliados al inmueble de la calle Ecuador 969 CABA a fin de evitar males mayores que causan estos irresponsables Todo ello se encuentra debidamente constatado y acreditado con la documental que se present\u00f3 judicialmente. No hubo voluntad de dejar la sede de la obra social los ocupas nos obligaron. La calumnia est\u00e1 probada, por los afiliados, los m\u00e9dicos, los empleados y por la prueba notarial escrita.Ante tal situaci\u00f3n nos vimos obligados a efectuar las correspondientes denuncias en sede penal.&nbsp;<br><\/p>\n\n\n\n<p><strong>SITUACION FINANCIERA Y PATRIMONIAL<\/strong>Se implementar\u00e1n las auditor\u00edas correspondientes y denuncias oportunas una vez realizadas las mismas. Sin perjuicio de ello se est\u00e1 investigando el desv\u00edo de fondos a cuentas personales y\/o cesi\u00f3n de cheques a sus efectos.<br><\/p>\n\n\n\n<p><strong>LA UPSRA ESTA TOMADA. LA UPSRA ESTA USURPADA<\/strong><\/p>\n\n\n\n<p class=\"has-text-align-right\">&nbsp;&nbsp;&nbsp;&nbsp;&nbsp;&nbsp;&nbsp;&nbsp;&nbsp;&nbsp;&nbsp;&nbsp;&nbsp;&nbsp;&nbsp;&nbsp;&nbsp;&nbsp;&nbsp;&nbsp;&nbsp;&nbsp;&nbsp;&nbsp;&nbsp;&nbsp;&nbsp;&nbsp;&nbsp;&nbsp;&nbsp;&nbsp;&nbsp;&nbsp;&nbsp;&nbsp;&nbsp;&nbsp;&nbsp;&nbsp;&nbsp;&nbsp;&nbsp;&nbsp;&nbsp;&nbsp;&nbsp;&nbsp;&nbsp;&nbsp;&nbsp;&nbsp;&nbsp;&nbsp;&nbsp;&nbsp;&nbsp;&nbsp;&nbsp;&nbsp;&nbsp;&nbsp;&nbsp;&nbsp;&nbsp;&nbsp;&nbsp;&nbsp;&nbsp;&nbsp;&nbsp;&nbsp;&nbsp;&nbsp;&nbsp;&nbsp;&nbsp;&nbsp;&nbsp;&nbsp;&nbsp;&nbsp;&nbsp;&nbsp;&nbsp;&nbsp;&nbsp;&nbsp;&nbsp;&nbsp;&nbsp;&nbsp;&nbsp;&nbsp;&nbsp;&nbsp;&nbsp;&nbsp;&nbsp;&nbsp;&nbsp;&nbsp;&nbsp;&nbsp;&nbsp;&nbsp;&nbsp;&nbsp;&nbsp;&nbsp;&nbsp;&nbsp; Angel Alberto Garc\u00cda<\/p>\n\n\n\n<p class=\"has-text-align-right\">Secretario general UPSRA<\/p>\n","protected":false},"excerpt":{"rendered":"<p>Informamos a los se\u00f1ores Afiliados y Prestadores de la Obra Social que por razones de fuerza mayor estamos atendiendo en&nbsp;Ecuador 969 CABA&nbsp;(casi esquina Av. cordoba)&hellip;<\/p>\n","protected":false},"author":1,"featured_media":5,"comment_status":"open","ping_status":"open","sticky":false,"template":"","format":"standard","meta":{"_themeisle_gutenberg_block_has_review":false,"footnotes":""},"categories":[3],"tags":[],"class_list":["post-1","post","type-post","status-publish","format-standard","has-post-thumbnail","hentry","category-noticias"],"_links":{"self":[{"href":"https:\/\/upsra.org.ar\/sitio\/wp-json\/wp\/v2\/posts\/1","targetHints":{"allow":["GET"]}}],"collection":[{"href":"https:\/\/upsra.org.ar\/sitio\/wp-json\/wp\/v2\/posts"}],"about":[{"href":"https:\/\/upsra.org.ar\/sitio\/wp-json\/wp\/v2\/types\/post"}],"author":[{"embeddable":true,"href":"https:\/\/upsra.org.ar\/sitio\/wp-json\/wp\/v2\/users\/1"}],"replies":[{"embeddable":true,"href":"https:\/\/upsra.org.ar\/sitio\/wp-json\/wp\/v2\/comments?post=1"}],"version-history":[{"count":2,"href":"https:\/\/upsra.org.ar\/sitio\/wp-json\/wp\/v2\/posts\/1\/revisions"}],"predecessor-version":[{"id":44,"href":"https:\/\/upsra.org.ar\/sitio\/wp-json\/wp\/v2\/posts\/1\/revisions\/44"}],"wp:featuredmedia":[{"embeddable":true,"href":"https:\/\/upsra.org.ar\/sitio\/wp-json\/wp\/v2\/media\/5"}],"wp:attachment":[{"href":"https:\/\/upsra.org.ar\/sitio\/wp-json\/wp\/v2\/media?parent=1"}],"wp:term":[{"taxonomy":"category","embeddable":true,"href":"https:\/\/upsra.org.ar\/sitio\/wp-json\/wp\/v2\/categories?post=1"},{"taxonomy":"post_tag","embeddable":true,"href":"https:\/\/upsra.org.ar\/sitio\/wp-json\/wp\/v2\/tags?post=1"}],"curies":[{"name":"wp","href":"https:\/\/api.w.org\/{rel}","templated":true}]}}