{"id":1082,"date":"2023-12-19T14:08:11","date_gmt":"2023-12-19T17:08:11","guid":{"rendered":"https:\/\/upsra.org.ar\/sitio\/?p=1082"},"modified":"2023-12-19T14:08:13","modified_gmt":"2023-12-19T17:08:13","slug":"comunicado-de-prensa-9","status":"publish","type":"post","link":"https:\/\/upsra.org.ar\/sitio\/2023\/12\/19\/comunicado-de-prensa-9\/","title":{"rendered":"COMUNICADO DE PRENSA"},"content":{"rendered":"\n<p>COMUNICADO DE PRENSA<\/p>\n\n\n\n<p>ACLARATORIA<\/p>\n\n\n\n<p>En referencia a cierta informaci\u00f3n vertida en un nota period\u00edstica publicada en el d\u00eda de la fecha en el <strong>DIARIO HOY<\/strong> de la Ciudad de La Plata, la <strong>UNI\u00d3N PERSONAL DE SEGURIDAD REP\u00daBLICA ARGENTINA \u2013UPSRA-<\/strong>, a trav\u00e9s de su Comisi\u00f3n Directiva, encabezada por el Dr. \u00c1ngel Alberto Garc\u00eda, pretende aclarar para tranquilidad de las compa\u00f1eras y los compa\u00f1eros vigiladores, ciertas cuestiones que suponemos, han sido publicadas producto de desconocimiento o desinformaci\u00f3n de las partes, a saber:<\/p>\n\n\n\n<p>1-&nbsp;&nbsp;&nbsp; El compa\u00f1ero<strong> Miguel E. Tobar<\/strong>, ha sido designado como <strong>DELEGADO NORMALIZADOR<\/strong> en el \u00e1mbito de la <strong>PROVINCIA DE BUENOS AIRES<\/strong>, en el \u00e1rea vinculada a la&nbsp;<strong>SEGURIDAD PRIVADA &#8211; NOCTURNIDAD Y EVENTOS<\/strong>. Bajo ning\u00fan concepto se ha mencionado el t\u00e9rmino \u201cINTERVENTOR\u201d en lo referido a su designaci\u00f3n, teniendo en consideraci\u00f3n la carga negativa que esta palabra acarrea para nosotros, luego de que nuestra Instituci\u00f3n Gremial haya sufrido una injusta intervenci\u00f3n \u2013la cual fue declara nula por la Justicia en un fallo sin precedentes a nivel mundial- y que tanto da\u00f1o provoc\u00f3 a las compa\u00f1eras y compa\u00f1eros de la actividad de Seguridad Privada.<\/p>\n\n\n\n<p>2-\u00a0\u00a0\u00a0 La UPSRA cuenta con 18 Delegados Regionales en el \u00e1mbito de la Provincia de Buenos Aires, y lo mismo ocurre a nivel Nacional en las distintas Provincias. Cada uno de ellos, cuenta con un cierto grado de autonom\u00eda que va de la mano con la destacada tarea que vienen realizando, para defender los derechos de las compa\u00f1eras y los compa\u00f1eros vigiladores, como as\u00ed tambi\u00e9n, conseguir constantes mejoras en sus condiciones laborales y nuevos beneficios sindicales d\u00eda a d\u00eda. La designaci\u00f3n del compa\u00f1ero <strong>Miguel E. Tobar <\/strong>en la Provincia de Buenos Aires, viene a articular con la labor diaria de estas delegaciones, sin tener ning\u00fan tipo de injerencia o funci\u00f3n de contralor con las mismas, sino m\u00e1s bien, est\u00e1 enfocada puntualmente en hacer cumplir las obligaciones y hacer respetar los derechos de los trabajadores de Seguridad Privada, que prestan servicio en eventos de concurrencia masiva \u2013deportivos, espect\u00e1culos, recitales, etc-, los cuales en su gran mayor\u00eda, tienen lugar durante las horas nocturnas.<\/p>\n\n\n\n<p>Dejamos el enlace a la nota publicada por el medio en cuesti\u00f3n, y solicitamos que a la brevedad puedan enmendar este mal entendido.<\/p>\n\n\n\n<p><a href=\"https:\/\/diariohoy.net\/interes-general\/designaron-nuevo-interventor-del-gremio-de-seguridad-privada-de-la-plata-247217\">https:\/\/diariohoy.net\/interes-general\/designaron-nuevo-interventor-del-gremio-de-seguridad-privada-de-la-plata-247217<\/a><\/p>\n\n\n\n<p class=\"has-text-align-center\">CABA, 19 de diciembre de 2023.-<\/p>\n\n\n\n<p class=\"has-text-align-center\">&nbsp;COMISI\u00d3N DIRECTIVA UPSRA<\/p>\n\n\n\n<div class=\"wp-block-buttons is-layout-flex wp-block-buttons-is-layout-flex\">\n<div class=\"wp-block-button\"><a class=\"wp-block-button__link has-light-green-cyan-background-color has-background wp-element-button\" href=\"https:\/\/upsra.org.ar\/sitio\/wp-content\/uploads\/2023\/12\/UPSRA-COMUNICADO-DE-PRENSA19-12-23.pdf\" target=\"_blank\" rel=\"noreferrer noopener\">UPSRA &#8211; COMUNICADO DE PRENSA 19-12-23<\/a><\/div>\n<\/div>\n","protected":false},"excerpt":{"rendered":"<p>COMUNICADO DE PRENSA ACLARATORIA En referencia a cierta informaci\u00f3n vertida en un nota period\u00edstica publicada en el d\u00eda de la fecha en el DIARIO HOY&hellip;<\/p>\n","protected":false},"author":2,"featured_media":52,"comment_status":"closed","ping_status":"closed","sticky":false,"template":"","format":"standard","meta":{"_themeisle_gutenberg_block_has_review":false,"footnotes":""},"categories":[3],"tags":[],"class_list":["post-1082","post","type-post","status-publish","format-standard","has-post-thumbnail","hentry","category-noticias"],"_links":{"self":[{"href":"https:\/\/upsra.org.ar\/sitio\/wp-json\/wp\/v2\/posts\/1082","targetHints":{"allow":["GET"]}}],"collection":[{"href":"https:\/\/upsra.org.ar\/sitio\/wp-json\/wp\/v2\/posts"}],"about":[{"href":"https:\/\/upsra.org.ar\/sitio\/wp-json\/wp\/v2\/types\/post"}],"author":[{"embeddable":true,"href":"https:\/\/upsra.org.ar\/sitio\/wp-json\/wp\/v2\/users\/2"}],"replies":[{"embeddable":true,"href":"https:\/\/upsra.org.ar\/sitio\/wp-json\/wp\/v2\/comments?post=1082"}],"version-history":[{"count":2,"href":"https:\/\/upsra.org.ar\/sitio\/wp-json\/wp\/v2\/posts\/1082\/revisions"}],"predecessor-version":[{"id":1084,"href":"https:\/\/upsra.org.ar\/sitio\/wp-json\/wp\/v2\/posts\/1082\/revisions\/1084"}],"wp:featuredmedia":[{"embeddable":true,"href":"https:\/\/upsra.org.ar\/sitio\/wp-json\/wp\/v2\/media\/52"}],"wp:attachment":[{"href":"https:\/\/upsra.org.ar\/sitio\/wp-json\/wp\/v2\/media?parent=1082"}],"wp:term":[{"taxonomy":"category","embeddable":true,"href":"https:\/\/upsra.org.ar\/sitio\/wp-json\/wp\/v2\/categories?post=1082"},{"taxonomy":"post_tag","embeddable":true,"href":"https:\/\/upsra.org.ar\/sitio\/wp-json\/wp\/v2\/tags?post=1082"}],"curies":[{"name":"wp","href":"https:\/\/api.w.org\/{rel}","templated":true}]}}