{"id":1975,"date":"2025-04-30T16:49:50","date_gmt":"2025-04-30T19:49:50","guid":{"rendered":"https:\/\/upsra.org.ar\/sitio\/?p=1975"},"modified":"2025-05-29T16:20:19","modified_gmt":"2025-05-29T19:20:19","slug":"neuquen-la-unica-verdad-es-la-realidad","status":"publish","type":"post","link":"https:\/\/upsra.org.ar\/sitio\/2025\/04\/30\/neuquen-la-unica-verdad-es-la-realidad\/","title":{"rendered":"Neuqu\u00e9n: La \u00fanica verdad es la realidad."},"content":{"rendered":"\n<h2 class=\"wp-block-heading\">UPSRA, el \u00fanico sindicato de Seguridad Privada presente, en defensa de las compa\u00f1eras y de los compa\u00f1eros y sus puestos de trabajo<\/h2>\n\n\n\n<hr class=\"wp-block-separator has-alpha-channel-opacity\"\/>\n\n\n\n<p class=\"has-black-color has-text-color has-link-color wp-elements-6923e7c0431e368f5cd8d79d26898671\">En los \u00faltimos tiempos, en la provincia de Neuqu\u00e9n, la representaci\u00f3n gremial de los trabajadores de la Seguridad Privada ha sido objeto de constantes y sistem\u00e1ticos intentos por parte de agrupaciones sin legitimidad ni respaldo, que no cuentan con reconocimiento legal ni trayectoria y que buscaron asumir un rol que hist\u00f3ricamente no les pertenece. Estas organizaciones tienen entre sus objetivos, confundir tanto a las compa\u00f1eras y a los compa\u00f1eros, como tambi\u00e9n a empresarios, funcionarios y porqu\u00e9 no tambi\u00e9n, a los usuarios finales del servicio que no son otros que los clientes de las empresas contratantes.<\/p>\n\n\n\n<p class=\"has-black-color has-text-color has-link-color wp-elements-f47c331cab443b954f329fcc079bef83\">Frente a esta situaci\u00f3n, UPSRA reafirm\u00f3 su presencia Institucional y Gremial. Este pasado lunes 28, en dependencias de la Subsecretar\u00eda de Trabajo de la Provincia de Neuqu\u00e9n, nuestra Organizaci\u00f3n Gremial particip\u00f3 activamente en la audiencia convocada por el Organismo Laboral, dejando en claro ante las autoridades y empleadores, que la \u00fanica representaci\u00f3n leg\u00edtima de los vigiladores privados en la Provincia pertenece a nuestra organizaci\u00f3n: la Uni\u00f3n del Personal de Seguridad de la Rep\u00fablica Argentina -UPSRA-.<\/p>\n\n\n\n<p class=\"has-black-color has-text-color has-link-color wp-elements-9d6e8c1e6600f0fa0d888f0f2b29ab0a\">Durante el encuentro, se solicit\u00f3 el retiro de integrantes pertenecientes a sectores sin representaci\u00f3n legal, dejando asentado que UPSRA es la \u00fanica entidad con capacidad legal para participar de estas instancias de negociaci\u00f3n colectiva en defensa de los trabajadores del sector.<\/p>\n\n\n\n<p class=\"has-black-color has-text-color has-link-color wp-elements-beea1c88f627366db17e68559f30e0fe\">Como resultado de las gestiones realizadas, 94 vigiladores conservar\u00e1n su fuente laboral en la empresa CBS, manteniendo sus derechos y antig\u00fcedad. Adem\u00e1s, otros 13 compa\u00f1eros ser\u00e1n reubicados en nuevos destinos operativos por la empresa Homeland, asegurando la continuidad laboral.<\/p>\n\n\n\n<p class=\"has-black-color has-text-color has-link-color wp-elements-26722703d23df8ef253d58b306485897\">En audiencias posteriores, UPSRA continu\u00f3 y continuar\u00e1 negociando con firmeza, para garantizar la estabilidad y la continuidad de cada puesto de trabajo.<\/p>\n\n\n\n<h5 class=\"wp-block-heading has-black-color has-text-color has-link-color wp-elements-e311656139fc57e82d89e308b237391e\"><strong>HAY UNA NUEVA UPSRA Y ESTE ES EL CAMINO: REPRESENTACI\u00d3N LEG\u00cdTIMA, ORGANIZACI\u00d3N Y PRESENCIA ACTIVA EN EL TERRITORIO<\/strong><\/h5>\n\n\n\n<p class=\"has-black-color has-text-color has-link-color wp-elements-b15c5af5ff10148bd951de6000229843\">Porque cuando hay un sindicato presente, las empresas respetan a los trabajadores y cumplen con la normativa vigente. Seguimos construyendo un Modelo Sindical que defiende a los trabajadores con hechos, no con promesas vac\u00edas.<\/p>\n\n\n<div  class=\"wp-block-ultimate-post-heading ultp-block-f7e7f7 aligncenter\"><div class=\"ultp-block-wrapper\"><div class=\"ultp-heading-wrap ultp-heading-style9 ultp-heading-left\"><h2 class=\"ultp-heading-inner\"><span>Por un Sindicato m\u00e1s fuerte,<\/span><\/h2><\/div><\/div><\/div>\n\n<div class=\"wp-block-image\">\n<figure class=\"aligncenter size-full\"><img loading=\"lazy\" decoding=\"async\" width=\"300\" height=\"57\" src=\"https:\/\/upsra.org.ar\/sitio\/wp-content\/uploads\/2025\/03\/Spot-12-300x57-1.png\" alt=\"\" class=\"wp-image-1515\"\/><\/figure><\/div>\n\n\n<figure class=\"wp-block-gallery has-nested-images columns-default is-cropped wp-block-gallery-1 is-layout-flex wp-block-gallery-is-layout-flex\">\n<figure class=\"wp-block-image size-large\"><img loading=\"lazy\" decoding=\"async\" width=\"1024\" height=\"433\" data-id=\"1978\" src=\"https:\/\/upsra.org.ar\/sitio\/wp-content\/uploads\/2025\/04\/Imagen-de-WhatsApp-2025-04-30-a-las-07.39.31_d0da52ca-1024x433.jpg\" alt=\"\" class=\"wp-image-1978\" srcset=\"https:\/\/upsra.org.ar\/sitio\/wp-content\/uploads\/2025\/04\/Imagen-de-WhatsApp-2025-04-30-a-las-07.39.31_d0da52ca-1024x433.jpg 1024w, https:\/\/upsra.org.ar\/sitio\/wp-content\/uploads\/2025\/04\/Imagen-de-WhatsApp-2025-04-30-a-las-07.39.31_d0da52ca-300x127.jpg 300w, https:\/\/upsra.org.ar\/sitio\/wp-content\/uploads\/2025\/04\/Imagen-de-WhatsApp-2025-04-30-a-las-07.39.31_d0da52ca-768x325.jpg 768w, https:\/\/upsra.org.ar\/sitio\/wp-content\/uploads\/2025\/04\/Imagen-de-WhatsApp-2025-04-30-a-las-07.39.31_d0da52ca.jpg 1482w\" sizes=\"auto, (max-width: 1024px) 100vw, 1024px\" \/><\/figure>\n\n\n\n<figure class=\"wp-block-image size-large\"><img loading=\"lazy\" decoding=\"async\" width=\"1024\" height=\"576\" data-id=\"1979\" src=\"https:\/\/upsra.org.ar\/sitio\/wp-content\/uploads\/2025\/04\/Imagen-de-WhatsApp-2025-04-30-a-las-07.39.32_601f0005-1024x576.jpg\" alt=\"\" class=\"wp-image-1979\" srcset=\"https:\/\/upsra.org.ar\/sitio\/wp-content\/uploads\/2025\/04\/Imagen-de-WhatsApp-2025-04-30-a-las-07.39.32_601f0005-1024x576.jpg 1024w, https:\/\/upsra.org.ar\/sitio\/wp-content\/uploads\/2025\/04\/Imagen-de-WhatsApp-2025-04-30-a-las-07.39.32_601f0005-300x169.jpg 300w, https:\/\/upsra.org.ar\/sitio\/wp-content\/uploads\/2025\/04\/Imagen-de-WhatsApp-2025-04-30-a-las-07.39.32_601f0005-768x432.jpg 768w, https:\/\/upsra.org.ar\/sitio\/wp-content\/uploads\/2025\/04\/Imagen-de-WhatsApp-2025-04-30-a-las-07.39.32_601f0005-1536x864.jpg 1536w, https:\/\/upsra.org.ar\/sitio\/wp-content\/uploads\/2025\/04\/Imagen-de-WhatsApp-2025-04-30-a-las-07.39.32_601f0005.jpg 1599w\" sizes=\"auto, (max-width: 1024px) 100vw, 1024px\" \/><\/figure>\n<\/figure>\n","protected":false},"excerpt":{"rendered":"<p>UPSRA, el \u00fanico sindicato de Seguridad Privada presente, en defensa de las compa\u00f1eras y de los compa\u00f1eros y sus puestos de trabajo En los \u00faltimos&hellip;<\/p>\n","protected":false},"author":4,"featured_media":1976,"comment_status":"closed","ping_status":"closed","sticky":false,"template":"","format":"standard","meta":{"_themeisle_gutenberg_block_has_review":false,"footnotes":""},"categories":[3,68],"tags":[33,31,35,36,29,37,32,30,34,39,28,38],"class_list":["post-1975","post","type-post","status-publish","format-standard","has-post-thumbnail","hentry","category-noticias","category-noticias-neuquen","tag-audiencia-laboral","tag-defensa-del-trabajador","tag-derechos-laborales","tag-estabilidad-laboral","tag-gremio-de-seguridad","tag-neuquen","tag-representacion-gremial","tag-sindicato-de-seguridad-privada","tag-subsecretaria-de-trabajo-de-neuquen","tag-trabajo-digno-accion-sindical-gremio-legalmente-reconocido-angel-alberto-garcia-upsra-presente-sindicato-nacional","tag-upsra-seguridad-privada","tag-vigiladores"],"_links":{"self":[{"href":"https:\/\/upsra.org.ar\/sitio\/wp-json\/wp\/v2\/posts\/1975","targetHints":{"allow":["GET"]}}],"collection":[{"href":"https:\/\/upsra.org.ar\/sitio\/wp-json\/wp\/v2\/posts"}],"about":[{"href":"https:\/\/upsra.org.ar\/sitio\/wp-json\/wp\/v2\/types\/post"}],"author":[{"embeddable":true,"href":"https:\/\/upsra.org.ar\/sitio\/wp-json\/wp\/v2\/users\/4"}],"replies":[{"embeddable":true,"href":"https:\/\/upsra.org.ar\/sitio\/wp-json\/wp\/v2\/comments?post=1975"}],"version-history":[{"count":4,"href":"https:\/\/upsra.org.ar\/sitio\/wp-json\/wp\/v2\/posts\/1975\/revisions"}],"predecessor-version":[{"id":2202,"href":"https:\/\/upsra.org.ar\/sitio\/wp-json\/wp\/v2\/posts\/1975\/revisions\/2202"}],"wp:featuredmedia":[{"embeddable":true,"href":"https:\/\/upsra.org.ar\/sitio\/wp-json\/wp\/v2\/media\/1976"}],"wp:attachment":[{"href":"https:\/\/upsra.org.ar\/sitio\/wp-json\/wp\/v2\/media?parent=1975"}],"wp:term":[{"taxonomy":"category","embeddable":true,"href":"https:\/\/upsra.org.ar\/sitio\/wp-json\/wp\/v2\/categories?post=1975"},{"taxonomy":"post_tag","embeddable":true,"href":"https:\/\/upsra.org.ar\/sitio\/wp-json\/wp\/v2\/tags?post=1975"}],"curies":[{"name":"wp","href":"https:\/\/api.w.org\/{rel}","templated":true}]}}