{"id":1983,"date":"2025-04-30T18:32:12","date_gmt":"2025-04-30T21:32:12","guid":{"rendered":"https:\/\/upsra.org.ar\/sitio\/?p=1983"},"modified":"2025-05-29T16:19:49","modified_gmt":"2025-05-29T19:19:49","slug":"trabajo-conjunto-y-dialogo-continuidad-garantizada-en-ternium","status":"publish","type":"post","link":"https:\/\/upsra.org.ar\/sitio\/2025\/04\/30\/trabajo-conjunto-y-dialogo-continuidad-garantizada-en-ternium\/","title":{"rendered":"Trabajo conjunto y di\u00e1logo: continuidad garantizada en Ternium."},"content":{"rendered":"\n<hr class=\"wp-block-separator has-alpha-channel-opacity\"\/>\n\n\n\n<p class=\"has-black-color has-text-color has-link-color wp-elements-f5774503db00a49b14741cb14adf240c\">El d\u00eda lunes 28, en el marco de una intervenci\u00f3n conjunta realizada por representantes gremiales de las delegaciones de La Plata, Ezeiza y Santa Fe, tuvo lugar un encuentro en dependencias de Siderar Ternium, en la ciudad de San Nicol\u00e1s. El objetivo fue abordar la situaci\u00f3n laboral frente al nuevo proceso de licitaci\u00f3n del servicio de seguridad privada.<\/p>\n\n\n\n<p class=\"has-black-color has-text-color has-link-color wp-elements-ad6bab09dee12fde3d08885a903aee17\">Durante el encuentro, se trataron temas sensibles como ser la eventual reducci\u00f3n de personal, asociada a la incorporaci\u00f3n de nuevas tecnolog\u00edas \u2014radares, sensores y sistemas automatizados\u2014 en los mecanismos de seguridad de la planta.<\/p>\n\n\n\n<p class=\"has-black-color has-text-color has-link-color wp-elements-3e94378aec1e3a313a213675819a7a9a\">A trav\u00e9s de un trabajo articulado entre las Delegaciones y representantes del sector empresarial, y en el marco de un di\u00e1logo responsable, se logr\u00f3 garantizar la continuidad de los puestos de trabajo, preservando as\u00ed la estabilidad de las y los trabajadores afiliados a nuestro sindicato.<\/p>\n\n\n\n<p class=\"has-black-color has-text-color has-link-color wp-elements-56a81ab75804697b3126b37310a993dd\">Este resultado refleja el valor de la organizaci\u00f3n y la coordinaci\u00f3n entre las distintas estructuras gremiales, reafirmando el compromiso de UPSRA con la defensa del empleo y las condiciones laborales.<\/p>\n\n\n\n<p class=\"has-black-color has-text-color has-link-color wp-elements-5e82cccbcba8c56f336290106c8e7c15\">Seguiremos presentes, atentos y trabajando con seriedad y firmeza, para acompa\u00f1ar cada proceso que involucre a nuestros afiliados.<\/p>\n\n\n<div  class=\"wp-block-ultimate-post-heading ultp-block-7d4f0f aligncenter\"><div class=\"ultp-block-wrapper\"><div class=\"ultp-heading-wrap ultp-heading-style9 ultp-heading-left\"><h2 class=\"ultp-heading-inner\"><span>Por un Sindicato m\u00e1s fuerte,<\/span><\/h2><\/div><\/div><\/div>\n\n<div class=\"wp-block-image\">\n<figure class=\"aligncenter size-full\"><img loading=\"lazy\" decoding=\"async\" width=\"300\" height=\"57\" src=\"https:\/\/upsra.org.ar\/sitio\/wp-content\/uploads\/2025\/03\/Spot-12-300x57-1.png\" alt=\"\" class=\"wp-image-1515\"\/><\/figure><\/div>\n\n\n<p><\/p>\n","protected":false},"excerpt":{"rendered":"<p>El d\u00eda lunes 28, en el marco de una intervenci\u00f3n conjunta realizada por representantes gremiales de las delegaciones de La Plata, Ezeiza y Santa Fe,&hellip;<\/p>\n","protected":false},"author":4,"featured_media":1985,"comment_status":"closed","ping_status":"closed","sticky":false,"template":"","format":"standard","meta":{"_themeisle_gutenberg_block_has_review":false,"footnotes":""},"categories":[3],"tags":[43,54,47,46,55,51,44,45,50,32,49,41,40,48,53,42,52],"class_list":["post-1983","post","type-post","status-publish","format-standard","has-post-thumbnail","hentry","category-noticias","tag-agrupacion-celeste-y-blanca","tag-angel-alberto-garcia-2","tag-continuidad-laboral","tag-defensa-del-trabajo","tag-delegaciones-gremiales","tag-dialogo-sindical","tag-empleo","tag-licitacion","tag-modernizacion-tecnologica","tag-representacion-gremial","tag-san-nicolas","tag-seguridad-privada","tag-siderar","tag-sindicato","tag-ternium","tag-trabajadores","tag-upsra"],"_links":{"self":[{"href":"https:\/\/upsra.org.ar\/sitio\/wp-json\/wp\/v2\/posts\/1983","targetHints":{"allow":["GET"]}}],"collection":[{"href":"https:\/\/upsra.org.ar\/sitio\/wp-json\/wp\/v2\/posts"}],"about":[{"href":"https:\/\/upsra.org.ar\/sitio\/wp-json\/wp\/v2\/types\/post"}],"author":[{"embeddable":true,"href":"https:\/\/upsra.org.ar\/sitio\/wp-json\/wp\/v2\/users\/4"}],"replies":[{"embeddable":true,"href":"https:\/\/upsra.org.ar\/sitio\/wp-json\/wp\/v2\/comments?post=1983"}],"version-history":[{"count":3,"href":"https:\/\/upsra.org.ar\/sitio\/wp-json\/wp\/v2\/posts\/1983\/revisions"}],"predecessor-version":[{"id":2201,"href":"https:\/\/upsra.org.ar\/sitio\/wp-json\/wp\/v2\/posts\/1983\/revisions\/2201"}],"wp:featuredmedia":[{"embeddable":true,"href":"https:\/\/upsra.org.ar\/sitio\/wp-json\/wp\/v2\/media\/1985"}],"wp:attachment":[{"href":"https:\/\/upsra.org.ar\/sitio\/wp-json\/wp\/v2\/media?parent=1983"}],"wp:term":[{"taxonomy":"category","embeddable":true,"href":"https:\/\/upsra.org.ar\/sitio\/wp-json\/wp\/v2\/categories?post=1983"},{"taxonomy":"post_tag","embeddable":true,"href":"https:\/\/upsra.org.ar\/sitio\/wp-json\/wp\/v2\/tags?post=1983"}],"curies":[{"name":"wp","href":"https:\/\/api.w.org\/{rel}","templated":true}]}}