{"id":2057,"date":"2025-05-07T12:12:03","date_gmt":"2025-05-07T15:12:03","guid":{"rendered":"https:\/\/upsra.org.ar\/sitio\/?p=2057"},"modified":"2025-05-29T16:18:26","modified_gmt":"2025-05-29T19:18:26","slug":"upsra-impulsa-nuevos-proyectos-de-vivienda-para-sus-afiliados","status":"publish","type":"post","link":"https:\/\/upsra.org.ar\/sitio\/2025\/05\/07\/upsra-impulsa-nuevos-proyectos-de-vivienda-para-sus-afiliados\/","title":{"rendered":"UPSRA impulsa nuevos proyectos de vivienda para sus afiliados"},"content":{"rendered":"\n<p class=\"has-black-color has-text-color has-link-color wp-elements-39b25ca3002a38b57e9395d6bbcc1cc5\">El mi\u00e9rcoles 30 de abril, representantes de UPSRA mantuvieron una productiva reuni\u00f3n con el intendente de San Vicente, Nicol\u00e1s Mantegazza. El encuentro tuvo como eje principal avanzar en un compromiso para facilitar el acceso a lotes y futuras viviendas destinadas a afiliadas y afiliados de nuestra organizaci\u00f3n, tanto de esta localidad como de zonas aleda\u00f1as.<\/p>\n\n\n\n<p class=\"has-black-color has-text-color has-link-color wp-elements-09dd60b34c8076c1d4242c0136b3fa6b\">Pr\u00f3ximamente, se informar\u00e1 el procedimiento de inscripci\u00f3n, junto con los requisitos y condiciones para participar del proyecto.<\/p>\n\n\n\n<p class=\"has-black-color has-text-color has-link-color wp-elements-41b51d4d079440fa75e460a6fa825170\">Recordamos que a\u00fan se encuentran disponibles vacantes en el proyecto de viviendas en la localidad de Ezeiza. Para m\u00e1s informaci\u00f3n, contactar con la Delegaci\u00f3n Ezeiza.<\/p>\n\n\n<div  class=\"wp-block-ultimate-post-heading ultp-block-640fbe aligncenter\"><div class=\"ultp-block-wrapper\"><div class=\"ultp-heading-wrap ultp-heading-style9 ultp-heading-left\"><h2 class=\"ultp-heading-inner\"><span>Por un Sindicato m\u00e1s fuerte,<\/span><\/h2><\/div><\/div><\/div>\n\n<div class=\"wp-block-image\">\n<figure class=\"aligncenter size-full\"><img loading=\"lazy\" decoding=\"async\" width=\"300\" height=\"57\" src=\"https:\/\/upsra.org.ar\/sitio\/wp-content\/uploads\/2025\/03\/Spot-12-300x57-1.png\" alt=\"\" class=\"wp-image-1515\"\/><\/figure><\/div>","protected":false},"excerpt":{"rendered":"<p>El mi\u00e9rcoles 30 de abril, representantes de UPSRA mantuvieron una productiva reuni\u00f3n con el intendente de San Vicente, Nicol\u00e1s Mantegazza. El encuentro tuvo como eje&hellip;<\/p>\n","protected":false},"author":4,"featured_media":2058,"comment_status":"closed","ping_status":"closed","sticky":false,"template":"","format":"standard","meta":{"_themeisle_gutenberg_block_has_review":false,"footnotes":""},"categories":[3,66],"tags":[],"class_list":["post-2057","post","type-post","status-publish","format-standard","has-post-thumbnail","hentry","category-noticias","category-noticias-ezeiza"],"_links":{"self":[{"href":"https:\/\/upsra.org.ar\/sitio\/wp-json\/wp\/v2\/posts\/2057","targetHints":{"allow":["GET"]}}],"collection":[{"href":"https:\/\/upsra.org.ar\/sitio\/wp-json\/wp\/v2\/posts"}],"about":[{"href":"https:\/\/upsra.org.ar\/sitio\/wp-json\/wp\/v2\/types\/post"}],"author":[{"embeddable":true,"href":"https:\/\/upsra.org.ar\/sitio\/wp-json\/wp\/v2\/users\/4"}],"replies":[{"embeddable":true,"href":"https:\/\/upsra.org.ar\/sitio\/wp-json\/wp\/v2\/comments?post=2057"}],"version-history":[{"count":2,"href":"https:\/\/upsra.org.ar\/sitio\/wp-json\/wp\/v2\/posts\/2057\/revisions"}],"predecessor-version":[{"id":2199,"href":"https:\/\/upsra.org.ar\/sitio\/wp-json\/wp\/v2\/posts\/2057\/revisions\/2199"}],"wp:featuredmedia":[{"embeddable":true,"href":"https:\/\/upsra.org.ar\/sitio\/wp-json\/wp\/v2\/media\/2058"}],"wp:attachment":[{"href":"https:\/\/upsra.org.ar\/sitio\/wp-json\/wp\/v2\/media?parent=2057"}],"wp:term":[{"taxonomy":"category","embeddable":true,"href":"https:\/\/upsra.org.ar\/sitio\/wp-json\/wp\/v2\/categories?post=2057"},{"taxonomy":"post_tag","embeddable":true,"href":"https:\/\/upsra.org.ar\/sitio\/wp-json\/wp\/v2\/tags?post=2057"}],"curies":[{"name":"wp","href":"https:\/\/api.w.org\/{rel}","templated":true}]}}