{"id":331,"date":"2020-11-10T17:53:14","date_gmt":"2020-11-10T20:53:14","guid":{"rendered":"https:\/\/upsra.org.ar\/sitio\/?p=331"},"modified":"2020-11-10T19:53:07","modified_gmt":"2020-11-10T22:53:07","slug":"la-obra-social-vuelve-a-estar-otra-vez-en-manos-de-los-vigiladores","status":"publish","type":"post","link":"https:\/\/upsra.org.ar\/sitio\/2020\/11\/10\/la-obra-social-vuelve-a-estar-otra-vez-en-manos-de-los-vigiladores\/","title":{"rendered":"LA OBRA SOCIAL VUELVE A ESTAR OTRA VEZ EN MANOS DE LOS VIGILADORES"},"content":{"rendered":"\n<blockquote class=\"wp-block-quote has-text-align-center is-style-large is-layout-flow wp-block-quote-is-layout-flow\"><p><u>FRENO JUDICIAL A LA INTERVENCI\u00d3N ARBITRARIA <br>EN LA OBRA SOCIAL<\/u><\/p><cite><em><p class=\"has-normal-font-size\">La Medida Cautelar restituy\u00f3 la Obra Social al Oficialismo encabezado por \u00c1ngel Garc\u00eda.<\/p><\/em><\/cite><\/blockquote>\n\n\n\n<p class=\"has-normal-font-size\">El Juzgado Nacional de Primera Instancia en lo Contencioso Administrativo Federal N\u00famero 2 de esta Capital Federal, dispuso el <u><strong>cese de los efectos de la Resoluci\u00f3n<\/strong><\/u>, a trav\u00e9s de la cual los integrantes del Consejo Directivo de la Obra Social del Personal de Seguridad Comercial, Industrial e Investigaciones Privadas (OSPSIP) hab\u00edan sido desplazados por autoridades de la Superintendencia de Servicios de Salud, quien a su vez hab\u00eda designado en su reemplazo a un administrador provisorio.<\/p>\n\n\n\n<p class=\"has-normal-font-size\"><br>De esta manera, la Justicia ha puesto fin a lo que se considera la primera intervenci\u00f3n de la actual gesti\u00f3n gubernamental sobre una Obra Social Sindical, en tanto que <u><strong>el Juzgado actuante, orden\u00f3 a la Superintendencia de Servicios de Salud<\/strong><\/u> que el administrador que hab\u00eda sido designado, <u><strong>se abstenga de realizar acto alguno que implique avanzar con aquella designaci\u00f3n.<\/strong><\/u><\/p>\n\n\n\n<p class=\"has-normal-font-size\"><br>La medida dictada por el Superintendente de Servicios de Salud Lic. Eugenio Daniel Zanarini, ahora suspendida por la Justicia Federal, se inscribe en el marco de un prolongado conflicto que se ha suscitado en el seno del Gremio de los Trabajadores de Seguridad.<\/p>\n\n\n\n<p class=\"has-normal-font-size\"><br>En tal escenario,<u><strong> ciertos sectores ligados al poder, procuraron utilizar la estructura de la Superintendencia de Servicios de Salud<\/strong><\/u> para inclinar la balanza a favor de determinados sectores minoritarios y escasamente representativos del gremio de seguridad, en una movida que seg\u00fan se sabe, <u><strong>no s\u00f3lo ha sido desaprobada judicialmente sino que tampoco contar\u00eda con el respaldo del Ejecutivo Nacional.<\/strong><\/u><\/p>\n\n\n\n<p class=\"has-normal-font-size\"><br>Esto \u00faltimo es determinante, dado que la Ley vigente \u00fanicamente autoriza la intervenci\u00f3n de Obras Sociales Sindicales mediante Decreto del Poder Ejecutivo Nacional, por lo que resulta inexplicable el comportamiento de la Superintendencia de Servicios de Salud, en tanto que ha procurado asumir funciones que le son ajenas por cuanto se encuentran reservadas al Presidente de la Naci\u00f3n.<br>En tiempos donde la propagaci\u00f3n de la pandemia de COVID-19, exige de todos los sectores de la salud, incluyendo al Estado a trav\u00e9s de sus autoridades, un mayor compromiso con el cuidado de los afiliados y beneficiarios de las Obras Sociales, la Resoluci\u00f3n Judicial conocida d\u00edas atr\u00e1s, debe ser recibida como un importante freno a un arbitrio pol\u00edtico que fue muy usual en la \u00e9poca macrista, a trav\u00e9s de repetidas e infundadas injerencias del poder pol\u00edtico en el funcionamiento de las Instituciones representativas de los trabajadores.<\/p>\n\n\n\n<p class=\"has-normal-font-size\"><br>A\u00fan cuando el conflicto judicial seguramente continuar\u00e1, hasta que definitivamente culmine la controversia suscitada a partir del accionar irregular de la Superintendencia de Servicios de Salud, <u><strong>la administraci\u00f3n de la Obra Social de los trabajadores de la seguridad se encuentra en v\u00edas de retomar su actividad normal a trav\u00e9s del desempe\u00f1o de sus autoridades naturales. El objetivo a corto plazo es garantizar el normal funcionamiento de sus servicios de salud y administratvos (merece resaltar el hecho que las autoridades repuestas normalizaron de manera inmediata lo adeudado por la intervenci\u00f3n en materia de haberes para con el personal de la instituci\u00f3n, liquidando el 100% del presente m\u00e9s, junto con 25% pendiente del anterior ).<\/strong><\/u><\/p>\n\n\n\n<p class=\"has-normal-font-size\"><br>As\u00ed entonces, habr\u00e1 quedado fulminado este primer intento de atropello en la vida de las Obras Sociales, a manos de oscuros grupos de poder que impulsar\u00eda el dirigente Luis Barrionuevo, -que como el zorro bajo la piel de un cordero &#8211; se disfrazan de oficialistas con cualquier gobierno de turno, para entrometerse indebidamente en las Instituciones construidas sobre la base del esfuerzo y la contribuci\u00f3n de los trabajadores.<\/p>\n\n\n\n<p class=\"has-normal-font-size\">Queda demostrada as\u00ed, la validez de algunos dichos de las \u00faltimas horas:<br><em>\u201c\u2026hay funcionarios que no funcionan\u2026\u201d<\/em><\/p>\n\n\n\n<div style=\"height:321px\" aria-hidden=\"true\" class=\"wp-block-spacer\"><\/div>\n\n\n\n<p class=\"has-text-align-center has-large-font-size\"><strong>La justicia dej\u00f3 sin efecto la intervenci\u00f3n de la obra social del gremio de seguridad privada<\/strong><\/p>\n\n\n\n<p class=\"has-text-align-right\">FUENTE: AGENCIA T\u00c9LAM<br>28\/10\/2020 16:40 SEGURIDAD PRIVADA-JUSTICIA<br><strong>Categor\u00eda:&nbsp;Gremiales\/\/ Redacci\u00f3n: Central<\/strong><\/p>\n\n\n\n<p class=\"has-normal-font-size\">El Juzgado Contencioso Administrativo Federal 2 hizo lugar al reclamo de la Uni\u00f3n del Personal de Seguridad (Upsra) y dej\u00f3 sin efecto la intervenci\u00f3n de la obra social sindical, que hab\u00eda determinado el Ministerio de Salud a trav\u00e9s de una resoluci\u00f3n de la Superintendencia de Servicios de Salud (SSS).<\/p>\n\n\n\n<p>Un comunicado gremial inform\u00f3 hoy que &#8220;la justicia dej\u00f3 sin efecto la intervenci\u00f3n de la obra social de la UPSRA&#8221;, que conduce \u00c1ngel Garc\u00eda.La intervenci\u00f3n hab\u00eda sido ejecutada por la cartera de Salud a trav\u00e9s de una resoluci\u00f3n de Eugenio Zanarini, Superintendente de Servicios de Salud.<br>Garc\u00eda celebr\u00f3 &#8220;el triunfo en la justicia&#8221; y sostuvo que la SSS &#8220;no pod\u00eda involucrarse en la vida interna de una entidad independiente con argumentos poco s\u00f3lidos y solo para responder a intereses pol\u00edticos&#8221;.<br>&#8220;El fallo evidenci\u00f3 que la autoridad de aplicaci\u00f3n incumpli\u00f3 los procedimientos internos. La resoluci\u00f3n judicial advirti\u00f3 que la SSS se habr\u00eda excedido en sus facultades al designar a un administrador provisorio, a quien asign\u00f3 poderes y funciones propias de un interventor, lo que puede decidir de forma exclusiva el Poder Ejecutivo y no un organismo descentralizado&#8221;, afirm\u00f3.<\/p>\n\n\n\n<p>La justicia dispuso la suspensi\u00f3n de los efectos de la Resoluci\u00f3n RES-2020-1097-APN-SSS-MS hasta que el Poder Ejecutivo determine -si lo considera pertinente- la intervenci\u00f3n de la obra social en virtud de la sugerencia efectuada por la SSS y, en consecuencia, orden\u00f3 que el administrador designado &#8220;se abstenga de realizar acto alguno vinculado a esa designaci\u00f3n&#8221;, a\u00f1adi\u00f3.<\/p>\n\n\n\n<p>La UPSRA hab\u00eda sido intervenida en 2016 por la gesti\u00f3n macrista y, en diciembre de 2019, recuper\u00f3 su conducci\u00f3n a partir de constantes &#8220;avances legales&#8221;. La Obra Social del Personal de Seguridad Comercial, Industrial e Investigaciones Privadas (OSPSIP) tiene 48 mil afiliados directos y un total de casi 100 mil beneficiarios, concluy\u00f3 el dirigente en el documento de prensa.<\/p>\n\n\n\n<p>Links:<\/p>\n\n\n\n<div class=\"wp-block-file\"><a href=\"https:\/\/upsra.org.ar\/sitio\/wp-content\/uploads\/2020\/11\/fallo-OSPSIP.pdf\">\u00b0 Fallo Juzgado Contencioso Administrativo Federal 2<\/a><a href=\"https:\/\/upsra.org.ar\/sitio\/wp-content\/uploads\/2020\/11\/fallo-OSPSIP.pdf\" class=\"wp-block-file__button\" download>Descarga<\/a><\/div>\n\n\n\n<p>\u00b0 <a href=\"https:\/\/cablera.telam.com.ar\/cable\/1003175\/la-justicia-dejo-sin-efecto-la-intervencion-de-la-obra-social-del-gremio-de-seguridad-privada\">https:\/\/cablera.telam.com.ar\/cable\/1003175\/la-justicia-dejo-sin-efecto-la-intervencion-de-la-obra-social-del-gremio-de-seguridad-privada<\/a><\/p>\n\n\n\n<p>\u00b0 <a href=\"http:\/\/www.infogremiales.com.ar\/noticia.php?n=64019\">http:\/\/www.infogremiales.com.ar\/noticia.php?n=64019<\/a><\/p>\n\n\n\n<p>\u00b0 <a href=\"https:\/\/www.ospsip.org.ar\/institucional.php\">https:\/\/www.ospsip.org.ar\/institucional.php<\/a><\/p>\n","protected":false},"excerpt":{"rendered":"<p>FRENO JUDICIAL A LA INTERVENCI\u00d3N ARBITRARIA EN LA OBRA SOCIAL La Medida Cautelar restituy\u00f3 la Obra Social al Oficialismo encabezado por \u00c1ngel Garc\u00eda. El Juzgado&hellip;<\/p>\n","protected":false},"author":2,"featured_media":352,"comment_status":"closed","ping_status":"closed","sticky":false,"template":"","format":"standard","meta":{"_themeisle_gutenberg_block_has_review":false,"footnotes":""},"categories":[3],"tags":[],"class_list":["post-331","post","type-post","status-publish","format-standard","has-post-thumbnail","hentry","category-noticias"],"_links":{"self":[{"href":"https:\/\/upsra.org.ar\/sitio\/wp-json\/wp\/v2\/posts\/331","targetHints":{"allow":["GET"]}}],"collection":[{"href":"https:\/\/upsra.org.ar\/sitio\/wp-json\/wp\/v2\/posts"}],"about":[{"href":"https:\/\/upsra.org.ar\/sitio\/wp-json\/wp\/v2\/types\/post"}],"author":[{"embeddable":true,"href":"https:\/\/upsra.org.ar\/sitio\/wp-json\/wp\/v2\/users\/2"}],"replies":[{"embeddable":true,"href":"https:\/\/upsra.org.ar\/sitio\/wp-json\/wp\/v2\/comments?post=331"}],"version-history":[{"count":14,"href":"https:\/\/upsra.org.ar\/sitio\/wp-json\/wp\/v2\/posts\/331\/revisions"}],"predecessor-version":[{"id":353,"href":"https:\/\/upsra.org.ar\/sitio\/wp-json\/wp\/v2\/posts\/331\/revisions\/353"}],"wp:featuredmedia":[{"embeddable":true,"href":"https:\/\/upsra.org.ar\/sitio\/wp-json\/wp\/v2\/media\/352"}],"wp:attachment":[{"href":"https:\/\/upsra.org.ar\/sitio\/wp-json\/wp\/v2\/media?parent=331"}],"wp:term":[{"taxonomy":"category","embeddable":true,"href":"https:\/\/upsra.org.ar\/sitio\/wp-json\/wp\/v2\/categories?post=331"},{"taxonomy":"post_tag","embeddable":true,"href":"https:\/\/upsra.org.ar\/sitio\/wp-json\/wp\/v2\/tags?post=331"}],"curies":[{"name":"wp","href":"https:\/\/api.w.org\/{rel}","templated":true}]}}