{"id":459,"date":"2021-05-22T20:01:49","date_gmt":"2021-05-22T23:01:49","guid":{"rendered":"https:\/\/upsra.org.ar\/sitio\/?p=459"},"modified":"2021-05-22T20:03:10","modified_gmt":"2021-05-22T23:03:10","slug":"comunicado-de-prensa","status":"publish","type":"post","link":"https:\/\/upsra.org.ar\/sitio\/2021\/05\/22\/comunicado-de-prensa\/","title":{"rendered":"Comunicado De Prensa"},"content":{"rendered":"\n<h1 class=\"has-text-align-center wp-block-heading\"><\/h1>\n\n\n\n<h3 class=\"has-text-align-center wp-block-heading\"><strong>UPSRA INICI\u00d3<br>TRATATIVAS PARITARIAS<\/strong><\/h3>\n\n\n\n<p class=\"has-text-align-left\"><br>La Uni\u00f3n Personal de Seguridad de la Rep\u00fablica Argentina, UPSRA, que preside<br>\u00c1ngel Alberto Garc\u00eda como Secretario General, se reuni\u00f3 el pasado jueves 20 de<br>mayo con representantes de la C\u00e1mara Argentina de Empresas de Seguridad e<br>Investigacion, CAESI, signataria del Convenio Colectivo de Trabajo junto con<br>UPSRA, dando inicio as\u00ed a las tratativas paritarias, con miras al mejoramiento<br>salarial de todas las compa\u00f1eras y compa\u00f1eros vigiladores, custodios y personal de<br>seguridad electr\u00f3nica de todo el Territorio Nacional. De esta manera, se lograron<br>unificar criterios con el sector empresario, en lo referido a recuperar la p\u00e9rdida del<br>poder adquisitivo, habida cuenta del incesante avance de la inflaci\u00f3n, que golpea<br>con mayor virulencia a los hogares de la totalidad de los trabajadores.<\/p>\n\n\n\n<p class=\"has-text-align-left\"><br>Cabe consignar que nuestro Convenio Colectivo de Trabajo tiene como vencimiento<br>el pr\u00f3ximo 30 de junio, a partir de cuya fecha renovaremos la pauta salarial. Vale<br>recordar que en el anterior CCT, que a\u00fan est\u00e1 en vigencia, la Representaci\u00f3n<br>Sindical logr\u00f3 el 41% de aumento.<\/p>\n\n\n\n<p class=\"has-text-align-left\"><br>La Comision Paritaria Gremial estuvo integrada por \u00c1ngel Alberto Garc\u00eda y los dres.<br>Celestina Mar\u00eda Ferrara, Gustavo Lapena y Mario Lionetti.<\/p>\n\n\n\n<div class=\"wp-block-buttons is-layout-flex wp-block-buttons-is-layout-flex\">\n<div class=\"wp-block-button\"><a class=\"wp-block-button__link has-black-color has-light-green-cyan-background-color has-text-color has-background\" href=\"https:\/\/upsra.org.ar\/sitio\/wp-content\/uploads\/2021\/05\/Paritarias-2021.pdf\">Paritarias 2021<\/a><\/div>\n<\/div>\n","protected":false},"excerpt":{"rendered":"<p>UPSRA INICI\u00d3TRATATIVAS PARITARIAS La Uni\u00f3n Personal de Seguridad de la Rep\u00fablica Argentina, UPSRA, que preside\u00c1ngel Alberto Garc\u00eda como Secretario General, se reuni\u00f3 el pasado jueves&hellip;<\/p>\n","protected":false},"author":2,"featured_media":52,"comment_status":"closed","ping_status":"closed","sticky":false,"template":"","format":"standard","meta":{"_themeisle_gutenberg_block_has_review":false,"footnotes":""},"categories":[3],"tags":[],"class_list":["post-459","post","type-post","status-publish","format-standard","has-post-thumbnail","hentry","category-noticias"],"_links":{"self":[{"href":"https:\/\/upsra.org.ar\/sitio\/wp-json\/wp\/v2\/posts\/459","targetHints":{"allow":["GET"]}}],"collection":[{"href":"https:\/\/upsra.org.ar\/sitio\/wp-json\/wp\/v2\/posts"}],"about":[{"href":"https:\/\/upsra.org.ar\/sitio\/wp-json\/wp\/v2\/types\/post"}],"author":[{"embeddable":true,"href":"https:\/\/upsra.org.ar\/sitio\/wp-json\/wp\/v2\/users\/2"}],"replies":[{"embeddable":true,"href":"https:\/\/upsra.org.ar\/sitio\/wp-json\/wp\/v2\/comments?post=459"}],"version-history":[{"count":2,"href":"https:\/\/upsra.org.ar\/sitio\/wp-json\/wp\/v2\/posts\/459\/revisions"}],"predecessor-version":[{"id":462,"href":"https:\/\/upsra.org.ar\/sitio\/wp-json\/wp\/v2\/posts\/459\/revisions\/462"}],"wp:featuredmedia":[{"embeddable":true,"href":"https:\/\/upsra.org.ar\/sitio\/wp-json\/wp\/v2\/media\/52"}],"wp:attachment":[{"href":"https:\/\/upsra.org.ar\/sitio\/wp-json\/wp\/v2\/media?parent=459"}],"wp:term":[{"taxonomy":"category","embeddable":true,"href":"https:\/\/upsra.org.ar\/sitio\/wp-json\/wp\/v2\/categories?post=459"},{"taxonomy":"post_tag","embeddable":true,"href":"https:\/\/upsra.org.ar\/sitio\/wp-json\/wp\/v2\/tags?post=459"}],"curies":[{"name":"wp","href":"https:\/\/api.w.org\/{rel}","templated":true}]}}