{"id":553,"date":"2021-07-23T12:36:36","date_gmt":"2021-07-23T15:36:36","guid":{"rendered":"https:\/\/upsra.org.ar\/sitio\/?p=553"},"modified":"2021-07-23T12:36:38","modified_gmt":"2021-07-23T15:36:38","slug":"comunicado-de-prensa-3","status":"publish","type":"post","link":"https:\/\/upsra.org.ar\/sitio\/2021\/07\/23\/comunicado-de-prensa-3\/","title":{"rendered":"Comunicado de Prensa"},"content":{"rendered":"\n<p>El pasado 22 de julio de 2021, El Ministerio de Trabajo, Empleo y Seguridad Social homolog\u00f3 la adenda&nbsp;<strong>\u2013Anexo \u201cS\u201d del CCT 507\/07- del Acuerdo Salarial 2021\/2022<\/strong>&nbsp;pactado entre la&nbsp;<strong>C\u00e1mara Argentina de Empresas de Seguridad e Investigaci\u00f3n \u2013CAESI-,<\/strong>&nbsp;encabezada por su Presidente Ram\u00f3n O. Ver\u00f3n y la&nbsp;<strong>Uni\u00f3n Personal de Seguridad de la Rep\u00fablica Argentina \u2013UPSRA-<\/strong>&nbsp;liderada por su Secretario General, \u00c1ngel Alberto Garc\u00eda. &nbsp;<\/p>\n\n\n\n<p>En el marco de la actual situaci\u00f3n econ\u00f3mica inmersa a\u00fan en esta pandemia originada a partir del virus COVID-19, ambas entidades signatarias del Convenio Colectivo acordaron reajustar los incrementos salariales pactados para la segunda mitad de 2021 y de cara al inicio de 2022, alcanzando un aumento global estimado en un 47%.<\/p>\n\n\n\n<p>Cabe resaltar asimismo, la importancia que tiene y tuvo el rol de los vigiladores durante esta pandemia, qui\u00e9nes han prestado y prestan a\u00fan un servicio esencial y de importante valor estrat\u00e9gico de inter\u00e9s p\u00fablico, y es por eso que se acord\u00f3 tambi\u00e9n la incorporaci\u00f3n de un&nbsp;<strong>ADICIONAL VACACIONAL TRANSITORIO,&nbsp;<\/strong>el cual se aplicar\u00e1 al per\u00edodo 2021 de forma excepcional.<\/p>\n\n\n\n<p class=\"has-text-align-center\">CABA, 23 de julio de 2021.-<br>Comisi\u00f3n Directiva UPSRA<\/p>\n\n\n\n<p class=\"has-text-align-right\"><strong>Dr. \u00c1ngel Alberto Garc\u00eda.<\/strong><br>Secretario General UPSRA<\/p>\n\n\n\n<figure class=\"wp-block-image size-large\"><img loading=\"lazy\" decoding=\"async\" width=\"760\" height=\"1024\" src=\"https:\/\/upsra.org.ar\/sitio\/wp-content\/uploads\/2021\/07\/Escala-760x1024.jpg\" alt=\"\" class=\"wp-image-554\" srcset=\"https:\/\/upsra.org.ar\/sitio\/wp-content\/uploads\/2021\/07\/Escala-760x1024.jpg 760w, https:\/\/upsra.org.ar\/sitio\/wp-content\/uploads\/2021\/07\/Escala-223x300.jpg 223w, https:\/\/upsra.org.ar\/sitio\/wp-content\/uploads\/2021\/07\/Escala-768x1035.jpg 768w, https:\/\/upsra.org.ar\/sitio\/wp-content\/uploads\/2021\/07\/Escala-45x60.jpg 45w, https:\/\/upsra.org.ar\/sitio\/wp-content\/uploads\/2021\/07\/Escala.jpg 921w\" sizes=\"auto, (max-width: 760px) 100vw, 760px\" \/><\/figure>\n\n\n\n<div class=\"wp-block-buttons is-layout-flex wp-block-buttons-is-layout-flex\">\n<div class=\"wp-block-button\"><a class=\"wp-block-button__link has-light-green-cyan-background-color has-background\" href=\"https:\/\/upsra.org.ar\/sitio\/wp-content\/uploads\/2021\/07\/Comunicado-de-Prensa-23-07-2021.pdf\" target=\"_blank\" rel=\"noreferrer noopener\">Comunicado de Prensa 23-07-2021<\/a><\/div>\n<\/div>\n\n\n\n<p><\/p>\n","protected":false},"excerpt":{"rendered":"<p>El pasado 22 de julio de 2021, El Ministerio de Trabajo, Empleo y Seguridad Social homolog\u00f3 la adenda&nbsp;\u2013Anexo \u201cS\u201d del CCT 507\/07- del Acuerdo Salarial&hellip;<\/p>\n","protected":false},"author":2,"featured_media":52,"comment_status":"closed","ping_status":"closed","sticky":false,"template":"","format":"standard","meta":{"_themeisle_gutenberg_block_has_review":false,"footnotes":""},"categories":[3],"tags":[],"class_list":["post-553","post","type-post","status-publish","format-standard","has-post-thumbnail","hentry","category-noticias"],"_links":{"self":[{"href":"https:\/\/upsra.org.ar\/sitio\/wp-json\/wp\/v2\/posts\/553","targetHints":{"allow":["GET"]}}],"collection":[{"href":"https:\/\/upsra.org.ar\/sitio\/wp-json\/wp\/v2\/posts"}],"about":[{"href":"https:\/\/upsra.org.ar\/sitio\/wp-json\/wp\/v2\/types\/post"}],"author":[{"embeddable":true,"href":"https:\/\/upsra.org.ar\/sitio\/wp-json\/wp\/v2\/users\/2"}],"replies":[{"embeddable":true,"href":"https:\/\/upsra.org.ar\/sitio\/wp-json\/wp\/v2\/comments?post=553"}],"version-history":[{"count":1,"href":"https:\/\/upsra.org.ar\/sitio\/wp-json\/wp\/v2\/posts\/553\/revisions"}],"predecessor-version":[{"id":556,"href":"https:\/\/upsra.org.ar\/sitio\/wp-json\/wp\/v2\/posts\/553\/revisions\/556"}],"wp:featuredmedia":[{"embeddable":true,"href":"https:\/\/upsra.org.ar\/sitio\/wp-json\/wp\/v2\/media\/52"}],"wp:attachment":[{"href":"https:\/\/upsra.org.ar\/sitio\/wp-json\/wp\/v2\/media?parent=553"}],"wp:term":[{"taxonomy":"category","embeddable":true,"href":"https:\/\/upsra.org.ar\/sitio\/wp-json\/wp\/v2\/categories?post=553"},{"taxonomy":"post_tag","embeddable":true,"href":"https:\/\/upsra.org.ar\/sitio\/wp-json\/wp\/v2\/tags?post=553"}],"curies":[{"name":"wp","href":"https:\/\/api.w.org\/{rel}","templated":true}]}}