{"id":768,"date":"2022-03-22T20:43:21","date_gmt":"2022-03-22T23:43:21","guid":{"rendered":"https:\/\/upsra.org.ar\/sitio\/?p=768"},"modified":"2022-03-22T20:43:23","modified_gmt":"2022-03-22T23:43:23","slug":"comunicado-de-prensa-8","status":"publish","type":"post","link":"https:\/\/upsra.org.ar\/sitio\/2022\/03\/22\/comunicado-de-prensa-8\/","title":{"rendered":"COMUNICADO DE PRENSA"},"content":{"rendered":"\n<h2 class=\"has-text-align-center wp-block-heading\"><strong>SEGURIDAD PRIVADA: UPSRA INICIADOR<br>DE LA RECOMPOSICION SALARIAL<\/strong><\/h2>\n\n\n\n<p>Resulta ins\u00f3lita y descalificante la publicaci\u00f3n en redes de la autodenominada Federaci\u00f3n de Trabajadores de la Seguridad Privada (FATRASEP), donde se\u00f1alan que fueron ellos los impulsores de la recomposici\u00f3n salarial -as\u00ed se denomina a la diferencia salarial planteada por nuestra Organizaci\u00f3n Gremial, UPSRA, que conduce \u00c1ngel Alberto Garc\u00eda y \u00fanica signataria de Convenios Colectivos en todo el pa\u00eds junto al sector empresario CAESI ante el Ministerio de<br>Trabajo, Empleo y Seguridad Social de la Naci\u00f3n-.<\/p>\n\n\n\n<p>La citada recomposici\u00f3n salarial, surge de la diferencia suscitada desde la<br>homologaci\u00f3n de la \u00faltima paritaria obtenida por UPSRA -con el 47,5% de aumento salarial- y<br>la inflaci\u00f3n registrada a posterior. Es inminente la firma de esta recomposici\u00f3n y su ulterior<br>homologaci\u00f3n de parte del Ministerio.<\/p>\n\n\n\n<p>Respecto de la pretendida representatividad de esta supuesta Federaci\u00f3n,<br>cumplimos en informar a todas las compa\u00f1eras y compa\u00f1eros de la actividad de seguridad<br>privada, al sector empresarial y a los Organismos Institucionales, que nuestra representaci\u00f3n<br>legal ha denunciado el err\u00f3neo proceso de las distintas personer\u00edas gremiales otorgadas a estos<br>pseudo-sindicatos que componen la mencionada Federaci\u00f3n, excepto SUVICO de C\u00f3rdoba, que<br>conserva su personer\u00eda en esa provincia, casi simult\u00e1neamente desde que se sancion\u00f3 la<br>nuestra de UPSRA, all\u00e1 por el a\u00f1o 1970.<\/p>\n\n\n\n<p>Las restantes, registran irregularidades en el otorgamiento de las personer\u00edas<br>gremiales tramitadas durante la intervenci\u00f3n que sufri\u00f3 nuestra Entidad Sindical, UPSRA,<br>durante el triste y lamentable gobierno macrista. Aqu\u00ed se destaca que no hubo cotejo de<br>afiliados en ciertos casos, como as\u00ed tambi\u00e9n mal notificados en otros. Se hallan radicadas las<br>correspondientes denuncias y la Justicia Laboral se expedir\u00e1 oportunamente.-<br><\/p>\n\n\n\n<p class=\"has-text-align-center\">CABA, 22 de marzo de 2022.-<br>COMISION DIRECTIVA UPSRA<\/p>\n\n\n\n<div class=\"wp-block-buttons is-layout-flex wp-block-buttons-is-layout-flex\">\n<div class=\"wp-block-button\"><a class=\"wp-block-button__link has-light-green-cyan-background-color has-background\" href=\"https:\/\/upsra.org.ar\/sitio\/wp-content\/uploads\/2022\/03\/ComunicadoPrensa-22-03-22.pdf\">Comunicado de Prensa<\/a><\/div>\n<\/div>\n","protected":false},"excerpt":{"rendered":"<p>SEGURIDAD PRIVADA: UPSRA INICIADORDE LA RECOMPOSICION SALARIAL Resulta ins\u00f3lita y descalificante la publicaci\u00f3n en redes de la autodenominada Federaci\u00f3n de Trabajadores de la Seguridad Privada&hellip;<\/p>\n","protected":false},"author":2,"featured_media":52,"comment_status":"closed","ping_status":"closed","sticky":false,"template":"","format":"standard","meta":{"_themeisle_gutenberg_block_has_review":false,"footnotes":""},"categories":[3],"tags":[],"class_list":["post-768","post","type-post","status-publish","format-standard","has-post-thumbnail","hentry","category-noticias"],"_links":{"self":[{"href":"https:\/\/upsra.org.ar\/sitio\/wp-json\/wp\/v2\/posts\/768","targetHints":{"allow":["GET"]}}],"collection":[{"href":"https:\/\/upsra.org.ar\/sitio\/wp-json\/wp\/v2\/posts"}],"about":[{"href":"https:\/\/upsra.org.ar\/sitio\/wp-json\/wp\/v2\/types\/post"}],"author":[{"embeddable":true,"href":"https:\/\/upsra.org.ar\/sitio\/wp-json\/wp\/v2\/users\/2"}],"replies":[{"embeddable":true,"href":"https:\/\/upsra.org.ar\/sitio\/wp-json\/wp\/v2\/comments?post=768"}],"version-history":[{"count":1,"href":"https:\/\/upsra.org.ar\/sitio\/wp-json\/wp\/v2\/posts\/768\/revisions"}],"predecessor-version":[{"id":769,"href":"https:\/\/upsra.org.ar\/sitio\/wp-json\/wp\/v2\/posts\/768\/revisions\/769"}],"wp:featuredmedia":[{"embeddable":true,"href":"https:\/\/upsra.org.ar\/sitio\/wp-json\/wp\/v2\/media\/52"}],"wp:attachment":[{"href":"https:\/\/upsra.org.ar\/sitio\/wp-json\/wp\/v2\/media?parent=768"}],"wp:term":[{"taxonomy":"category","embeddable":true,"href":"https:\/\/upsra.org.ar\/sitio\/wp-json\/wp\/v2\/categories?post=768"},{"taxonomy":"post_tag","embeddable":true,"href":"https:\/\/upsra.org.ar\/sitio\/wp-json\/wp\/v2\/tags?post=768"}],"curies":[{"name":"wp","href":"https:\/\/api.w.org\/{rel}","templated":true}]}}