{"id":786,"date":"2022-04-25T15:58:03","date_gmt":"2022-04-25T18:58:03","guid":{"rendered":"https:\/\/upsra.org.ar\/sitio\/?p=786"},"modified":"2022-04-25T15:58:05","modified_gmt":"2022-04-25T18:58:05","slug":"25-de-abril-dia-del-trabajador-de-seguridad-privada-2","status":"publish","type":"post","link":"https:\/\/upsra.org.ar\/sitio\/2022\/04\/25\/25-de-abril-dia-del-trabajador-de-seguridad-privada-2\/","title":{"rendered":"25 DE ABRIL: D\u00cdA DEL TRABAJADOR DE SEGURIDAD PRIVADA"},"content":{"rendered":"\n<p>La Comisi\u00f3n Directiva de la Uni\u00f3n Personal de Seguridad Rep\u00fablica<br>Argentina, USPRA, que preside \u00c1ngel Alberto Garc\u00eda como Secretario General,<br>junto al cuerpo de Delegados Regionales de todo el Pa\u00eds, saluda afectuosamente<br>en este 25 de abril, DIA DEL TRABAJADOR DE SEGURIDAD PRIVADA, a<br>todas las trabajadoras y a todos los trabajadores del Pa\u00eds -vigiladores, custodios<br>y personal de seguridad electr\u00f3nica- con la firme convicci\u00f3n y esperanza de<br>mejorar el bienestar general de todas las compa\u00f1eras y compa\u00f1eros que<br>nucleamos -m\u00e1xime en momentos dif\u00edciles, en virtud del pa\u00eds que nos dejaron,<br>con la enorme deuda del FMI que heredamos, sumado a la pandemia y a esta<br>inesperada guerra entre Rusia y Ucrania, que perjudica al mundo entero y que<br>ojal\u00e1 concluya cuanto antes.-<\/p>\n\n\n\n<p>Que pasen \u00e9ste, nuestro d\u00eda, lo mejor posible y hasta el triunfo final, siempre con<br>nuestra lucha, y la de todas la compa\u00f1eras y compa\u00f1eros de la actividad.<\/p>\n\n\n\n<p class=\"has-text-align-center\">25 DE ABRIL DE 2022<br>COMISI\u00d3N DIRECTIVA U.P.S.R.A.<\/p>\n\n\n\n<p class=\"has-text-align-center\">\u00c1NGEL ALBERTO GARC\u00cdA<br>SECRETARIO GENERAL<\/p>\n\n\n\n<p><\/p>\n\n\n\n<div class=\"wp-block-buttons is-layout-flex wp-block-buttons-is-layout-flex\">\n<div class=\"wp-block-button\"><a class=\"wp-block-button__link has-light-green-cyan-background-color has-background\" href=\"https:\/\/upsra.org.ar\/sitio\/wp-content\/uploads\/2022\/04\/UPSRA-25042022.pdf\" target=\"_blank\" rel=\"noreferrer noopener\">UPSRA &#8211; Dia del Vigilador<\/a><\/div>\n<\/div>\n\n\n\n<p><\/p>\n","protected":false},"excerpt":{"rendered":"<p>La Comisi\u00f3n Directiva de la Uni\u00f3n Personal de Seguridad Rep\u00fablicaArgentina, USPRA, que preside \u00c1ngel Alberto Garc\u00eda como Secretario General,junto al cuerpo de Delegados Regionales de&hellip;<\/p>\n","protected":false},"author":2,"featured_media":52,"comment_status":"closed","ping_status":"closed","sticky":false,"template":"","format":"standard","meta":{"_themeisle_gutenberg_block_has_review":false,"footnotes":""},"categories":[3],"tags":[],"class_list":["post-786","post","type-post","status-publish","format-standard","has-post-thumbnail","hentry","category-noticias"],"_links":{"self":[{"href":"https:\/\/upsra.org.ar\/sitio\/wp-json\/wp\/v2\/posts\/786","targetHints":{"allow":["GET"]}}],"collection":[{"href":"https:\/\/upsra.org.ar\/sitio\/wp-json\/wp\/v2\/posts"}],"about":[{"href":"https:\/\/upsra.org.ar\/sitio\/wp-json\/wp\/v2\/types\/post"}],"author":[{"embeddable":true,"href":"https:\/\/upsra.org.ar\/sitio\/wp-json\/wp\/v2\/users\/2"}],"replies":[{"embeddable":true,"href":"https:\/\/upsra.org.ar\/sitio\/wp-json\/wp\/v2\/comments?post=786"}],"version-history":[{"count":2,"href":"https:\/\/upsra.org.ar\/sitio\/wp-json\/wp\/v2\/posts\/786\/revisions"}],"predecessor-version":[{"id":790,"href":"https:\/\/upsra.org.ar\/sitio\/wp-json\/wp\/v2\/posts\/786\/revisions\/790"}],"wp:featuredmedia":[{"embeddable":true,"href":"https:\/\/upsra.org.ar\/sitio\/wp-json\/wp\/v2\/media\/52"}],"wp:attachment":[{"href":"https:\/\/upsra.org.ar\/sitio\/wp-json\/wp\/v2\/media?parent=786"}],"wp:term":[{"taxonomy":"category","embeddable":true,"href":"https:\/\/upsra.org.ar\/sitio\/wp-json\/wp\/v2\/categories?post=786"},{"taxonomy":"post_tag","embeddable":true,"href":"https:\/\/upsra.org.ar\/sitio\/wp-json\/wp\/v2\/tags?post=786"}],"curies":[{"name":"wp","href":"https:\/\/api.w.org\/{rel}","templated":true}]}}