{"id":828,"date":"2022-09-02T11:58:17","date_gmt":"2022-09-02T14:58:17","guid":{"rendered":"https:\/\/upsra.org.ar\/sitio\/?p=828"},"modified":"2022-09-02T11:58:18","modified_gmt":"2022-09-02T14:58:18","slug":"comunicado-de-prensa-repudio-total-al-atentado-sufrido-por-la-vicepresidenta-cristina-fernandez-de-kirchner","status":"publish","type":"post","link":"https:\/\/upsra.org.ar\/sitio\/2022\/09\/02\/comunicado-de-prensa-repudio-total-al-atentado-sufrido-por-la-vicepresidenta-cristina-fernandez-de-kirchner\/","title":{"rendered":"COMUNICADO DE PRENSA &#8211; REPUDIO TOTAL AL ATENTADO SUFRIDO POR LA VICEPRESIDENTA CRISTINA FERNANDEZ DE KIRCHNER"},"content":{"rendered":"\n<h2 class=\"has-text-align-center wp-block-heading\"><strong>\u201c\u2026LA VIOLENCIA ES EL DERECHO DE LAS BESTIAS\u2026\u201d<\/strong><br>REPUDIO TOTAL AL ATENTADO SUFRIDO POR<br>LA VICEPRESIDENTA CRISTINA FERNANDEZ DE KIRCHNER<\/h2>\n\n\n\n<p class=\"has-medium-font-size\">La Comisi\u00f3n Directiva de la Uni\u00f3n Personal de Seguridad Rep\u00fablica Argentina,<br>USPRA, que preside \u00c1ngel Alberto Garc\u00eda como Secretario General, junto al Cuerpo<br>de Delegados Regionales de todo el pa\u00eds, repudiamos en\u00e9rgicamente el atentado de<br>muerte sufrido por nuestra Vicepresidenta de la Naci\u00f3n, compa\u00f1era Dra. Cristina<br>Fern\u00e1ndez de Kirchner.<\/p>\n\n\n\n<p class=\"has-medium-font-size\">Confiando en que ya hab\u00edamos desterrado de nuestro pa\u00eds esta violencia terrorista<br>que sucumbi\u00f3 en la democratizaci\u00f3n de nuestra Naci\u00f3n a partir de 1983,<br>condenamos este cobarde y vil accionar, adhiriendo y sumando nuestro apoyo,<br>junto con nuestras compa\u00f1eras y compa\u00f1eros vigiladores, custodios y de seguridad<br>electr\u00f3nica, qui\u00e9nes obviamente comparten nuestra f\u00e9rrea posici\u00f3n.<\/p>\n\n\n\n<p class=\"has-medium-font-size\">Con ello, nos unimos a las palabras y pensamientos rectores de nuestro l\u00edder, el<br>General Juan Domingo Per\u00f3n y la Compa\u00f1era Evita, convencidos de que unidos y<br>democr\u00e1ticamente, confirmamos que, \u2026primero est\u00e1 la patria, despu\u00e9s el<br>movimiento y por \u00faltimo est\u00e1n los hombres\u2026.-<\/p>\n\n\n\n<p><\/p>\n\n\n\n<p class=\"has-text-align-center has-medium-font-size\">02 DE SEPTIEMBRE DE 2022<\/p>\n\n\n\n<p class=\"has-text-align-center has-medium-font-size\">COMISION DIRECTIVA U.P.S.R.A. Y DELEGADOS REGIONALES DE TODO EL PAIS.<\/p>\n\n\n\n<p class=\"has-text-align-right has-medium-font-size\">ANGEL ALBERTO GARC\u00cdA<br>SECRETARIO GENERAL<br>UPSRA<\/p>\n\n\n\n<div class=\"wp-block-buttons is-layout-flex wp-block-buttons-is-layout-flex\">\n<div class=\"wp-block-button\"><a class=\"wp-block-button__link has-light-green-cyan-background-color has-background\" href=\"https:\/\/upsra.org.ar\/sitio\/wp-content\/uploads\/2022\/09\/UPSRA-Comunicado-02092022.pdf\" target=\"_blank\" rel=\"noreferrer noopener\">Comunicado de Prensa<\/a><\/div>\n<\/div>\n\n\n\n<p><\/p>\n","protected":false},"excerpt":{"rendered":"<p>\u201c\u2026LA VIOLENCIA ES EL DERECHO DE LAS BESTIAS\u2026\u201dREPUDIO TOTAL AL ATENTADO SUFRIDO PORLA VICEPRESIDENTA CRISTINA FERNANDEZ DE KIRCHNER La Comisi\u00f3n Directiva de la Uni\u00f3n Personal&hellip;<\/p>\n","protected":false},"author":2,"featured_media":52,"comment_status":"closed","ping_status":"closed","sticky":false,"template":"","format":"standard","meta":{"_themeisle_gutenberg_block_has_review":false,"footnotes":""},"categories":[1],"tags":[],"class_list":["post-828","post","type-post","status-publish","format-standard","has-post-thumbnail","hentry","category-sin-categoria"],"_links":{"self":[{"href":"https:\/\/upsra.org.ar\/sitio\/wp-json\/wp\/v2\/posts\/828","targetHints":{"allow":["GET"]}}],"collection":[{"href":"https:\/\/upsra.org.ar\/sitio\/wp-json\/wp\/v2\/posts"}],"about":[{"href":"https:\/\/upsra.org.ar\/sitio\/wp-json\/wp\/v2\/types\/post"}],"author":[{"embeddable":true,"href":"https:\/\/upsra.org.ar\/sitio\/wp-json\/wp\/v2\/users\/2"}],"replies":[{"embeddable":true,"href":"https:\/\/upsra.org.ar\/sitio\/wp-json\/wp\/v2\/comments?post=828"}],"version-history":[{"count":1,"href":"https:\/\/upsra.org.ar\/sitio\/wp-json\/wp\/v2\/posts\/828\/revisions"}],"predecessor-version":[{"id":829,"href":"https:\/\/upsra.org.ar\/sitio\/wp-json\/wp\/v2\/posts\/828\/revisions\/829"}],"wp:featuredmedia":[{"embeddable":true,"href":"https:\/\/upsra.org.ar\/sitio\/wp-json\/wp\/v2\/media\/52"}],"wp:attachment":[{"href":"https:\/\/upsra.org.ar\/sitio\/wp-json\/wp\/v2\/media?parent=828"}],"wp:term":[{"taxonomy":"category","embeddable":true,"href":"https:\/\/upsra.org.ar\/sitio\/wp-json\/wp\/v2\/categories?post=828"},{"taxonomy":"post_tag","embeddable":true,"href":"https:\/\/upsra.org.ar\/sitio\/wp-json\/wp\/v2\/tags?post=828"}],"curies":[{"name":"wp","href":"https:\/\/api.w.org\/{rel}","templated":true}]}}