{"id":949,"date":"2023-04-25T19:31:09","date_gmt":"2023-04-25T22:31:09","guid":{"rendered":"https:\/\/upsra.org.ar\/sitio\/?p=949"},"modified":"2023-04-25T19:35:35","modified_gmt":"2023-04-25T22:35:35","slug":"25-de-abril-dia-del-trabajador-de-seguridad-privada-3","status":"publish","type":"post","link":"https:\/\/upsra.org.ar\/sitio\/2023\/04\/25\/25-de-abril-dia-del-trabajador-de-seguridad-privada-3\/","title":{"rendered":"25 DE ABRIL \u2013 D\u00cdA DEL TRABAJADOR DE SEGURIDAD PRIVADA"},"content":{"rendered":"\n<p>La Comisi\u00f3n Directiva de la Uni\u00f3n Personal de Seguridad de la Rep\u00fablica Argentina \u2013 UPSRA- encabezada por \u00c1ngel Alberto Garc\u00eda, junto con todo el cuerpo de Delegados Regionales de todo el pa\u00eds, env\u00eda un caluroso como afectivo saludo a todas y a todos, compa\u00f1eras y compa\u00f1eros vigiladores, custodios y personal de seguridad electr\u00f3nica, con motivo de celebrarse nuestro d\u00eda.<\/p>\n\n\n\n<p>Lo hacemos muy a pesar de estar soportando un pa\u00eds que no nos merecemos y que heredamos de la lamentable gesti\u00f3n anterior del gobierno macrista. Ellos, qui\u00e9nes dejaron un saldo inexplcable y cuestionable judicialmente -tanto en el \u00e1mbito privado como con el FMI, superando los cien mil millones de d\u00f3lares- fueron los responsables adem\u00e1s, del sistem\u00e1tico y planificado asedio golpista por parte de ciertas corporaciones de dudoso operar entre las sombras y espurias intenciones, encabezados por personajes gorilas antidemocr\u00e1ticos y pertenecientes a lo que conocemos como \u201cla antipatria\u201d.<\/p>\n\n\n\n<p>Sufrimos adem\u00e1s, la sorpresiva e inesperada pandemia, la cual fue brillantemente gestionada, atendida y controlada por el actual gobierno peronista, sumado ello, la nefasta guerra que nos involucra a todos y a todas por igual, junto con esta racha alternada entre sequ\u00edas e inundaciones que, englobado todo esto en su conjunto, golpea profundamente en la ra\u00edz socioecon\u00f3mica de nuestra Argentina.<\/p>\n\n\n\n<p>No obstante, los peronistas y particularmente los trabajadores, estamos preparados, sensibilizados y adoctrinados para no bajar los brazos y seguir luchando por nuestros derechos y nuestras conquistas. As\u00ed nos ense\u00f1aron el General Per\u00f3n y la compa\u00f1era Evita.<br><\/p>\n\n\n\n<figure class=\"wp-block-image size-large\"><img loading=\"lazy\" decoding=\"async\" width=\"712\" height=\"286\" src=\"https:\/\/upsra.org.ar\/sitio\/wp-content\/uploads\/2023\/04\/Screenshot_2.jpg\" alt=\"\" class=\"wp-image-954\" srcset=\"https:\/\/upsra.org.ar\/sitio\/wp-content\/uploads\/2023\/04\/Screenshot_2.jpg 712w, https:\/\/upsra.org.ar\/sitio\/wp-content\/uploads\/2023\/04\/Screenshot_2-300x121.jpg 300w, https:\/\/upsra.org.ar\/sitio\/wp-content\/uploads\/2023\/04\/Screenshot_2-149x60.jpg 149w\" sizes=\"auto, (max-width: 712px) 100vw, 712px\" \/><\/figure>\n\n\n\n<p><br><\/p>\n\n\n\n<div class=\"wp-block-buttons is-layout-flex wp-block-buttons-is-layout-flex\"><\/div>\n\n\n\n<div class=\"wp-block-file\"><a href=\"https:\/\/upsra.org.ar\/sitio\/wp-content\/uploads\/2023\/04\/UPSRA-DIA-DEL-VIGILADOR-2023.pdf\">UPSRA-DIA-DEL-VIGILADOR-2023<\/a><a href=\"https:\/\/upsra.org.ar\/sitio\/wp-content\/uploads\/2023\/04\/UPSRA-DIA-DEL-VIGILADOR-2023.pdf\" class=\"wp-block-file__button\" download>Descarga<\/a><\/div>\n","protected":false},"excerpt":{"rendered":"<p>La Comisi\u00f3n Directiva de la Uni\u00f3n Personal de Seguridad de la Rep\u00fablica Argentina \u2013 UPSRA- encabezada por \u00c1ngel Alberto Garc\u00eda, junto con todo el cuerpo&hellip;<\/p>\n","protected":false},"author":1,"featured_media":47,"comment_status":"closed","ping_status":"closed","sticky":false,"template":"","format":"standard","meta":{"_themeisle_gutenberg_block_has_review":false,"footnotes":""},"categories":[3],"tags":[],"class_list":["post-949","post","type-post","status-publish","format-standard","has-post-thumbnail","hentry","category-noticias"],"_links":{"self":[{"href":"https:\/\/upsra.org.ar\/sitio\/wp-json\/wp\/v2\/posts\/949","targetHints":{"allow":["GET"]}}],"collection":[{"href":"https:\/\/upsra.org.ar\/sitio\/wp-json\/wp\/v2\/posts"}],"about":[{"href":"https:\/\/upsra.org.ar\/sitio\/wp-json\/wp\/v2\/types\/post"}],"author":[{"embeddable":true,"href":"https:\/\/upsra.org.ar\/sitio\/wp-json\/wp\/v2\/users\/1"}],"replies":[{"embeddable":true,"href":"https:\/\/upsra.org.ar\/sitio\/wp-json\/wp\/v2\/comments?post=949"}],"version-history":[{"count":4,"href":"https:\/\/upsra.org.ar\/sitio\/wp-json\/wp\/v2\/posts\/949\/revisions"}],"predecessor-version":[{"id":955,"href":"https:\/\/upsra.org.ar\/sitio\/wp-json\/wp\/v2\/posts\/949\/revisions\/955"}],"wp:featuredmedia":[{"embeddable":true,"href":"https:\/\/upsra.org.ar\/sitio\/wp-json\/wp\/v2\/media\/47"}],"wp:attachment":[{"href":"https:\/\/upsra.org.ar\/sitio\/wp-json\/wp\/v2\/media?parent=949"}],"wp:term":[{"taxonomy":"category","embeddable":true,"href":"https:\/\/upsra.org.ar\/sitio\/wp-json\/wp\/v2\/categories?post=949"},{"taxonomy":"post_tag","embeddable":true,"href":"https:\/\/upsra.org.ar\/sitio\/wp-json\/wp\/v2\/tags?post=949"}],"curies":[{"name":"wp","href":"https:\/\/api.w.org\/{rel}","templated":true}]}}